{"id":44,"date":"2009-04-09T18:40:55","date_gmt":"2009-04-09T21:40:55","guid":{"rendered":"http:\/\/blog.sarmento.eng.br\/2009\/04\/10\/cientistas-dizem-ter-identificado-fronteira-entre-o-espaco-e-a-terra\/"},"modified":"2009-09-26T10:03:02","modified_gmt":"2009-09-26T13:03:02","slug":"cientistas-dizem-ter-identificado-fronteira-entre-o-espaco-e-a-terra","status":"publish","type":"post","link":"https:\/\/radio.sarmento.eng.br\/?p=44","title":{"rendered":"Cientistas dizem ter identificado fronteira entre o espa\u00e7o e a Terra"},"content":{"rendered":"<p><strong>Segundo estudo canadense, espa\u00e7o come\u00e7a 118 quil\u00f4metros acima da superf\u00edcie terrestre.<\/strong><\/p>\n<p>&#8211; Cientistas canadenses afirmam ter identificado a fronteira entre o espa\u00e7o e a Terra.<\/p>\n<p>Segundo os especialistas, da Universidade de Calgary, o espa\u00e7o come\u00e7a 118 quil\u00f4metros acima da superf\u00edcie terrestre.<\/p>\n<p>Os cientistas chegaram a esta conclus\u00e3o a partir de dados coletados pelo instrumento Supra-Thermal Ion Image, que conseguiu identificar onde terminam os ventos terrestres, considerados relativamente leves, e onde come\u00e7am os &#8220;fluxos violentos&#8221; de part\u00edculas espaciais, que podem atingir velocidades de at\u00e9 1.000 km\/h.<\/p>\n<p>Segundo os pesquisadores canadenses, \u00e9 extremamente dif\u00edcil coletar informa\u00e7\u00f5es nesta \u00e1rea, porque o local \u00e9 muito alto para o uso de bal\u00f5es e muito baixo para o de sat\u00e9lites.<\/p>\n<p>&#8220;Esta \u00e9 a segunda vez que medi\u00e7\u00f5es diretas de fluxos de part\u00edculas carregadas foram feitas nesta regi\u00e3o, e a primeira em que todos os ingredientes, como os fortes ventos acima da atmosfera, foram inclu\u00eddos&#8221;, disse David Knudsen, um dos cientistas envolvidos no estudo.<\/p>\n<p>Clima espacial<\/p>\n<p>O instrumento foi desenvolvido pela Ag\u00eancia Espacial Canadense e lan\u00e7ado junto ao foguete da Nasa Joule-II, em janeiro de 2007.<\/p>\n<p>Ap\u00f3s atingir a altitude de 200 quil\u00f4metros acima do n\u00edvel do mar, o equipamento recolheu as informa\u00e7\u00f5es durante os cinco minutos em que foi &#8220;jogado de um lado para outro da fronteira&#8221;.<\/p>\n<p>Os resultados da pesquisa, divulgados na publica\u00e7\u00e3o especializada Journal of Geophysical Research, poder\u00e3o auxiliar nas investiga\u00e7\u00f5es sobre o clima espacial e seus impactos na Terra.<\/p>\n<p>&#8220;Os dados nos permitem calcular os fluxos de energia que entram na atmosfera terrestre e entender a intera\u00e7\u00e3o entre o espa\u00e7o e nosso ambiente&#8221;, disse Knudsen.<\/p>\n<p>&#8220;Isto pode significar um melhor entendimento sobre o aquecimento e resfriamento da Terra, al\u00e9m de como o clima espacial pode afetar sat\u00e9lites, equipamentos de comunica\u00e7\u00e3o e navega\u00e7\u00e3o&#8221;. <\/p>\n<p>BBC Brasil &#8211; Todos os direitos reservados. \u00c9 proibido todo tipo de reprodu\u00e7\u00e3o sem autoriza\u00e7\u00e3o por escrito da BBC.<br \/>\n<img decoding=\"async\" src=\"https:\/\/www.sarmento.eng.br\/Sitios\/header_size_86x19.gif\" alt=\"\" \/><\/p>\n<p><code><br \/>\n<script type=\"text\/javascript\">\nvar gaJsHost = ((\"https:\" == document.location.protocol) ? \"https:\/\/ssl.\" : \"http:\/\/www.\");\ndocument.write(unescape(\"%3Cscript src='\" + gaJsHost + \"google-analytics.com\/ga.js' type='text\/javascript'%3E%3C\/script%3E\"));\n<\/script><\/p>\n<p><script type=\"text\/javascript\">\ntry {var pageTracker = _gat._getTracker(\"UA-7192117-1\");\npageTracker._trackPageview();\n} catch(err) {};\n<\/script><br \/>\n<\/code><\/p>\n","protected":false},"excerpt":{"rendered":"<p>Segundo estudo canadense, espa\u00e7o come\u00e7a 118 quil\u00f4metros acima da superf\u00edcie terrestre. &#8211; Cientistas canadenses afirmam ter identificado a fronteira entre o espa\u00e7o e a Terra. Segundo os especialistas, da Universidade de Calgary, o espa\u00e7o come\u00e7a 118 quil\u00f4metros acima da superf\u00edcie &hellip; <a href=\"https:\/\/radio.sarmento.eng.br\/?p=44\">Continue reading <span class=\"meta-nav\">&rarr;<\/span><\/a><\/p>\n","protected":false},"author":1,"featured_media":0,"comment_status":"open","ping_status":"open","sticky":false,"template":"","format":"standard","meta":{"footnotes":""},"categories":[7],"tags":[],"class_list":["post-44","post","type-post","status-publish","format-standard","hentry","category-telecomunicacoes"],"_links":{"self":[{"href":"https:\/\/radio.sarmento.eng.br\/index.php?rest_route=\/wp\/v2\/posts\/44","targetHints":{"allow":["GET"]}}],"collection":[{"href":"https:\/\/radio.sarmento.eng.br\/index.php?rest_route=\/wp\/v2\/posts"}],"about":[{"href":"https:\/\/radio.sarmento.eng.br\/index.php?rest_route=\/wp\/v2\/types\/post"}],"author":[{"embeddable":true,"href":"https:\/\/radio.sarmento.eng.br\/index.php?rest_route=\/wp\/v2\/users\/1"}],"replies":[{"embeddable":true,"href":"https:\/\/radio.sarmento.eng.br\/index.php?rest_route=%2Fwp%2Fv2%2Fcomments&post=44"}],"version-history":[{"count":0,"href":"https:\/\/radio.sarmento.eng.br\/index.php?rest_route=\/wp\/v2\/posts\/44\/revisions"}],"wp:attachment":[{"href":"https:\/\/radio.sarmento.eng.br\/index.php?rest_route=%2Fwp%2Fv2%2Fmedia&parent=44"}],"wp:term":[{"taxonomy":"category","embeddable":true,"href":"https:\/\/radio.sarmento.eng.br\/index.php?rest_route=%2Fwp%2Fv2%2Fcategories&post=44"},{"taxonomy":"post_tag","embeddable":true,"href":"https:\/\/radio.sarmento.eng.br\/index.php?rest_route=%2Fwp%2Fv2%2Ftags&post=44"}],"curies":[{"name":"wp","href":"https:\/\/api.w.org\/{rel}","templated":true}]}}