{"id":202,"date":"2010-09-30T21:02:45","date_gmt":"2010-10-01T00:02:45","guid":{"rendered":"http:\/\/blog.sarmento.blog.br\/2010\/10\/02\/radio-canada-internacional-emitindo-em-portugues-para-o-brasil\/"},"modified":"2010-10-02T21:07:28","modified_gmt":"2010-10-03T00:07:28","slug":"radio-canada-internacional-emitindo-em-portugues-para-o-brasil","status":"publish","type":"post","link":"https:\/\/radio.sarmento.eng.br\/?p=202","title":{"rendered":"Radio Canad\u00e1 Internacional &#8211; Emitindo em Portugu\u00eas para o Brasil"},"content":{"rendered":"<p><a href=\"https:\/\/www.sarmento.eng.br\/NasOndasCurtasGuaruja.htm\"><img decoding=\"async\" src=\"https:\/\/www.sarmento.eng.br\/Sitios\/guarujalogo.jpg\" alt=\"Nas Ondas Curtas da Guaruj\u00e1 Paulista\" \/><\/a><\/p>\n<p><code><\/p>\n<p><font face=\"Tahoma\" size=\"2\"><br \/>\nNo momento cultural desta semana, iremos falar um pouco sobre uma emissora internacional, que recentemente retornou ao ar com transmiss\u00f5es em nosso idioma, especialmente para o Brasil, ap\u00f3s um longo per\u00edodo de desativa\u00e7\u00e3o de suas emiss\u00f5es em portugu\u00eas. E tamb\u00e9m, que j\u00e1 est\u00e1 presente nas ondas curtas ha 60 anos.<\/p>\n<p>Vamos falar da Radio Canad\u00e1 Internacional que transmite de Montreal no Canad\u00e1.<\/p>\n<p>A seguir, vamos ouvir o sinal de identifica\u00e7\u00e3o da Radio Canad\u00e1 Internacional.<\/p>\n<p>(*)<\/p>\n<p>A R\u00e1dio Canad\u00e1 Internacional transmite para v\u00e1rios lugares do mundo desde 1945. Sua miss\u00e3o \u00e9 de projetar a imagem do Canad\u00e1 no exterior e refletir a realidade da vida canadense. Ela permite tamb\u00e9m que canadenses que viajam ou vivem em outros pa\u00edses conservem uma rela\u00e7\u00e3o cotidiana com seu pa\u00eds de origem.<\/p>\n<p>A R\u00e1dio Canad\u00e1 internacional produz programas di\u00e1rios e semanais em franc\u00eas, ingl\u00eas, espanhol, russo, ucraniano, mandarim, canton\u00eas, \u00e1rabe e portugu\u00eas. Ela transmite tamb\u00e9m uma s\u00e9rie de programas produzidos pelas redes CBC e R\u00e1dio Canad\u00e1.<\/p>\n<p>Pol\u00edtica, economia, cultura, ci\u00eancias, not\u00edcias internacionais, not\u00edcias canadenses e not\u00edcias mais espec\u00edficas de cada regi\u00e3o geogr\u00e1fica constituem a linha de sua programa\u00e7\u00e3o.<br \/>\nR\u00e1dio Canad\u00e1 Internacional tamb\u00e9m produz cursos de l\u00ednguas concebidos especificamente para a r\u00e1dio. Essa s\u00e9rie de cursos \u00e9 dirigida a crian\u00e7as de 7 a 12 anos e a seus pais que desejam aprender uma das duas l\u00ednguas oficiais do Canad\u00e1, o franc\u00eas ou o ingl\u00eas. Por meio de contos da tradi\u00e7\u00e3o oral canadense, lendas, cantigas, cantos tradicionais e diversos jogos extra\u00eddos da cultura<br \/>\ncanadense francesa e inglesa, a crian\u00e7a aprende uma l\u00edngua de maneira divertida e engra\u00e7ada.<\/p>\n<p>Esses cursos s\u00e3o transmitidos tanto por ondas curtas como pela Internet no site da RCI (www.rcinet.ca).<br \/>\nEm no dia 25 de fevereiro, a Radio Canad\u00e1 internacional celebra seu aniversario de 60 anos de historia nas ondas curtas. O servi\u00e7o de ondas curtas foi criado durante a segunda guerra mundial para informar e divertir as tropas canadenses espalhadas pelo mundo, com a programa\u00e7\u00e3o gerada diretamente no Canad\u00e1.<\/p>\n<p>Outro aspecto interessante sobre a Radio Canad\u00e1, foi o seu papel em promover a musica canadense. Depois de sua estr\u00e9ia em 1945, a Radio Canad\u00e1 rapidamente se transformou na embaixada dos artistas canadenses, tendo alguns expoentes da musica realizado as primeiras grava\u00e7\u00f5es nos est\u00fadios da emissora. <\/p>\n<p>\nCom produ\u00e7\u00e3o do jornalista e radialista Hector Vilar, voce pode ouvir o programa Canad\u00e1 Direto por ondas curtas, ao vivo, todas as sextas-feiras \u00e0s 20:00 UTC (17:00 hor\u00e1rio de Bras\u00edlia) pelas freq\u00fc\u00eancias 15305 ou 17765 kHz. O programa \u00e9 reprisado \u00e0s sextas-feiras \u00e0s 21:00 UTC (18:00 hor\u00e1rio de Bras\u00edlia) pelas mesmas freq\u00fc\u00eancias. <\/p>\n<p>Aos s\u00e1bados e domingos, o programa \u00e9 reprisado em dois hor\u00e1rios: \u00e0s 22:30 UTC (19:30 hor\u00e1rio de Bras\u00edlia) pelas freq\u00fc\u00eancias 11905 ou 15245 kHz; e \u00e0s 23:30 UTC (20:30 hor\u00e1rio de Bras\u00edlia) pelas freq\u00fc\u00eancias 11905 ou 13730. <\/p>\n<p>Vamos ouvir um trecho de abertura do programa Canad\u00e1 Direto que vai ao ar atrav\u00e9s das ondas curtas do Radio.<\/p>\n<p>(*)<\/p>\n<p>Este foi o momento cultural desta semana, apresentado por Sarmento Campos, do Rio de Janeiro.<\/p>\n<p>At\u00e9 o pr\u00f3ximo encontro.<\/font><\/p>\n<p><\/code><\/p>\n<p><a href=\"http:\/\/www.ondascurtas.com\"><img decoding=\"async\" src=\"https:\/\/www.sarmento.eng.br\/Figuras\/logodxcb_menor.gif\" alt=\"DX Clube do Brasil\" \/><\/a><\/p>\n","protected":false},"excerpt":{"rendered":"<p>No momento cultural desta semana, iremos falar um pouco sobre uma emissora internacional, que recentemente retornou ao ar com transmiss\u00f5es em nosso idioma, especialmente para o Brasil, ap\u00f3s um longo per\u00edodo de desativa\u00e7\u00e3o de suas emiss\u00f5es em portugu\u00eas. E tamb\u00e9m, &hellip; <a href=\"https:\/\/radio.sarmento.eng.br\/?p=202\">Continue reading <span class=\"meta-nav\">&rarr;<\/span><\/a><\/p>\n","protected":false},"author":1,"featured_media":0,"comment_status":"open","ping_status":"open","sticky":false,"template":"","format":"standard","meta":{"footnotes":""},"categories":[3,1],"tags":[],"class_list":["post-202","post","type-post","status-publish","format-standard","hentry","category-dx","category-radioescuta"],"_links":{"self":[{"href":"https:\/\/radio.sarmento.eng.br\/index.php?rest_route=\/wp\/v2\/posts\/202","targetHints":{"allow":["GET"]}}],"collection":[{"href":"https:\/\/radio.sarmento.eng.br\/index.php?rest_route=\/wp\/v2\/posts"}],"about":[{"href":"https:\/\/radio.sarmento.eng.br\/index.php?rest_route=\/wp\/v2\/types\/post"}],"author":[{"embeddable":true,"href":"https:\/\/radio.sarmento.eng.br\/index.php?rest_route=\/wp\/v2\/users\/1"}],"replies":[{"embeddable":true,"href":"https:\/\/radio.sarmento.eng.br\/index.php?rest_route=%2Fwp%2Fv2%2Fcomments&post=202"}],"version-history":[{"count":0,"href":"https:\/\/radio.sarmento.eng.br\/index.php?rest_route=\/wp\/v2\/posts\/202\/revisions"}],"wp:attachment":[{"href":"https:\/\/radio.sarmento.eng.br\/index.php?rest_route=%2Fwp%2Fv2%2Fmedia&parent=202"}],"wp:term":[{"taxonomy":"category","embeddable":true,"href":"https:\/\/radio.sarmento.eng.br\/index.php?rest_route=%2Fwp%2Fv2%2Fcategories&post=202"},{"taxonomy":"post_tag","embeddable":true,"href":"https:\/\/radio.sarmento.eng.br\/index.php?rest_route=%2Fwp%2Fv2%2Ftags&post=202"}],"curies":[{"name":"wp","href":"https:\/\/api.w.org\/{rel}","templated":true}]}}